{"id":251,"date":"2020-12-29T10:05:08","date_gmt":"2020-12-29T09:05:08","guid":{"rendered":"http:\/\/location.magintec.com\/?p=251"},"modified":"2020-12-30T14:36:03","modified_gmt":"2020-12-30T13:36:03","slug":"location-de-voiture-pour-votre-mariage","status":"publish","type":"post","link":"https:\/\/location.magintec.com\/index.php\/2020\/12\/29\/location-de-voiture-pour-votre-mariage\/","title":{"rendered":"Location de BMW M2 Competition"},"content":{"rendered":"\t\t<div data-elementor-type=\"wp-post\" data-elementor-id=\"251\" class=\"elementor elementor-251\">\n\t\t\t\t\t\t<section class=\"elementor-section elementor-top-section elementor-element elementor-element-affb9fc elementor-section-boxed elementor-section-height-default elementor-section-height-default\" data-id=\"affb9fc\" data-element_type=\"section\" data-settings=\"{&quot;background_background&quot;:&quot;classic&quot;}\">\n\t\t\t\t\t\t<div class=\"elementor-container elementor-column-gap-default\">\n\t\t\t\t\t<div class=\"elementor-column elementor-col-100 elementor-top-column elementor-element elementor-element-809c158\" data-id=\"809c158\" data-element_type=\"column\">\n\t\t\t<div class=\"elementor-widget-wrap elementor-element-populated\">\n\t\t\t\t\t\t<div class=\"elementor-element elementor-element-54bcc2f elementor-widget elementor-widget-text-editor\" data-id=\"54bcc2f\" data-element_type=\"widget\" data-widget_type=\"text-editor.default\">\n\t\t\t\t<div class=\"elementor-widget-container\">\n\t\t\t<style>\/*! elementor - v3.23.0 - 05-08-2024 *\/\n.elementor-widget-text-editor.elementor-drop-cap-view-stacked .elementor-drop-cap{background-color:#69727d;color:#fff}.elementor-widget-text-editor.elementor-drop-cap-view-framed .elementor-drop-cap{color:#69727d;border:3px solid;background-color:transparent}.elementor-widget-text-editor:not(.elementor-drop-cap-view-default) .elementor-drop-cap{margin-top:8px}.elementor-widget-text-editor:not(.elementor-drop-cap-view-default) .elementor-drop-cap-letter{width:1em;height:1em}.elementor-widget-text-editor .elementor-drop-cap{float:left;text-align:center;line-height:1;font-size:50px}.elementor-widget-text-editor .elementor-drop-cap-letter{display:inline-block}<\/style>\t\t\t\t<h3 class=\" ds2-font-m\"><strong>D\u00e9couvrez ses atouts esth\u00e9tiques ext\u00e9rieurs et int\u00e9rieurs.<\/strong><\/h3><div class=\"ds2-cms-output large-9\">Palpitante. Sportive. Non conformiste. La BMW M2 Competition respire l&rsquo;adr\u00e9naline pure \u00e0 chaque d\u00e9tail. Des prises d&rsquo;air surdimensionn\u00e9es et la double calandre avec badge M habillent la partie avant. La silhouette de coup\u00e9 caract\u00e9ristique est pr\u00e9sente depuis l&rsquo;impressionnant capot jusqu&rsquo;\u00e0 la poupe aux lignes musculeuses. Des jantes M en alliage l\u00e9ger de 19&Prime; marquent une tension dynamique tandis que les ou\u00efes M avec inscription du mod\u00e8le et les r\u00e9troviseurs ext\u00e9rieurs M dans la teinte ext\u00e9rieure soulignent le caract\u00e8re sportif. \u00c0 l&rsquo;arri\u00e8re, le diffuseur M et les sorties d&rsquo;\u00e9chappement en biseau, \u00e0 la finition noire chrom\u00e9e, signalent sans \u00e9quivoque ses ambitions sportives.<\/div>\t\t\t\t\t\t<\/div>\n\t\t\t\t<\/div>\n\t\t\t\t\t<\/div>\n\t\t<\/div>\n\t\t\t\t\t<\/div>\n\t\t<\/section>\n\t\t\t\t<section class=\"elementor-section elementor-top-section elementor-element elementor-element-25a229e elementor-section-boxed elementor-section-height-default elementor-section-height-default\" data-id=\"25a229e\" data-element_type=\"section\">\n\t\t\t\t\t\t<div class=\"elementor-container elementor-column-gap-default\">\n\t\t\t\t\t<div class=\"elementor-column elementor-col-100 elementor-top-column elementor-element elementor-element-a8d1f9b\" data-id=\"a8d1f9b\" data-element_type=\"column\">\n\t\t\t<div class=\"elementor-widget-wrap elementor-element-populated\">\n\t\t\t\t\t\t<div class=\"elementor-element elementor-element-6a5aab0 elementor-widget elementor-widget-text-editor\" data-id=\"6a5aab0\" data-element_type=\"widget\" data-widget_type=\"text-editor.default\">\n\t\t\t\t<div class=\"elementor-widget-container\">\n\t\t\t\t\t\t\t<p class=\" ds2-font-m\">Le moteur essence 6 cylindres M TwinPower Turbo extr\u00eamement vif de la BMW M2 CS d\u00e9veloppe une puissance impressionnante de 450 ch (331 kW). \u00c9quip\u00e9 de deux turbocompresseurs TwinScroll, de l\u2019injection haute pression et du Valvetronic, ce moteur hautes performances au poids optimis\u00e9 permet \u00e0 la BMW M2 CS avec la bo\u00eete de vitesses M DKG7 en option d\u2019atteindre le 0 \u00e0 100 km\/h en 4,0 secondes seulement.<\/p>\t\t\t\t\t\t<\/div>\n\t\t\t\t<\/div>\n\t\t\t\t\t<\/div>\n\t\t<\/div>\n\t\t\t\t\t<\/div>\n\t\t<\/section>\n\t\t\t\t<section class=\"elementor-section elementor-top-section elementor-element elementor-element-e181fd6 elementor-section-boxed elementor-section-height-default elementor-section-height-default\" data-id=\"e181fd6\" data-element_type=\"section\">\n\t\t\t\t\t\t<div class=\"elementor-container elementor-column-gap-default\">\n\t\t\t\t\t<div class=\"elementor-column elementor-col-100 elementor-top-column elementor-element elementor-element-67886eb\" data-id=\"67886eb\" data-element_type=\"column\">\n\t\t\t<div class=\"elementor-widget-wrap elementor-element-populated\">\n\t\t\t\t\t\t<div class=\"elementor-element elementor-element-9067a82 elementor-widget elementor-widget-image\" data-id=\"9067a82\" data-element_type=\"widget\" data-widget_type=\"image.default\">\n\t\t\t\t<div class=\"elementor-widget-container\">\n\t\t\t<style>\/*! elementor - v3.23.0 - 05-08-2024 *\/\n.elementor-widget-image{text-align:center}.elementor-widget-image a{display:inline-block}.elementor-widget-image a img[src$=\".svg\"]{width:48px}.elementor-widget-image img{vertical-align:middle;display:inline-block}<\/style>\t\t\t\t\t\t\t\t\t\t<img fetchpriority=\"high\" decoding=\"async\" width=\"1920\" height=\"1280\" src=\"https:\/\/location.magintec.com\/wp-content\/uploads\/2020\/12\/thumb-1920-865283.jpg\" class=\"attachment-full size-full wp-image-256\" alt=\"\" srcset=\"https:\/\/location.magintec.com\/wp-content\/uploads\/2020\/12\/thumb-1920-865283.jpg 1920w, https:\/\/location.magintec.com\/wp-content\/uploads\/2020\/12\/thumb-1920-865283-300x200.jpg 300w, https:\/\/location.magintec.com\/wp-content\/uploads\/2020\/12\/thumb-1920-865283-1024x683.jpg 1024w, https:\/\/location.magintec.com\/wp-content\/uploads\/2020\/12\/thumb-1920-865283-768x512.jpg 768w, https:\/\/location.magintec.com\/wp-content\/uploads\/2020\/12\/thumb-1920-865283-1536x1024.jpg 1536w, https:\/\/location.magintec.com\/wp-content\/uploads\/2020\/12\/thumb-1920-865283-1080x720.jpg 1080w\" sizes=\"(max-width: 1920px) 100vw, 1920px\" \/>\t\t\t\t\t\t\t\t\t\t\t\t\t<\/div>\n\t\t\t\t<\/div>\n\t\t\t\t\t<\/div>\n\t\t<\/div>\n\t\t\t\t\t<\/div>\n\t\t<\/section>\n\t\t\t\t<\/div>\n\t\t","protected":false},"excerpt":{"rendered":"<p>D\u00e9couvrez ses atouts esth\u00e9tiques ext\u00e9rieurs et int\u00e9rieurs. Palpitante. Sportive. Non conformiste. La BMW M2 Competition respire l&rsquo;adr\u00e9naline pure \u00e0 chaque d\u00e9tail. Des prises d&rsquo;air surdimensionn\u00e9es et la double calandre avec badge M habillent la partie avant. La silhouette de coup\u00e9 caract\u00e9ristique est pr\u00e9sente depuis l&rsquo;impressionnant capot jusqu&rsquo;\u00e0 la poupe aux lignes musculeuses. Des jantes M &hellip;<\/p>\n<p class=\"read-more\"> <a class=\"\" href=\"https:\/\/location.magintec.com\/index.php\/2020\/12\/29\/location-de-voiture-pour-votre-mariage\/\"> <span class=\"screen-reader-text\">Location de BMW M2 Competition<\/span> Lire la suite\u00a0\u00bb<\/a><\/p>\n","protected":false},"author":1,"featured_media":513,"comment_status":"closed","ping_status":"closed","sticky":false,"template":"","format":"standard","meta":{"site-sidebar-layout":"default","site-content-layout":"boxed-container","ast-global-header-display":"","ast-banner-title-visibility":"","ast-main-header-display":"disabled","ast-hfb-above-header-display":"","ast-hfb-below-header-display":"","ast-hfb-mobile-header-display":"","site-post-title":"disabled","ast-breadcrumbs-content":"disabled","ast-featured-img":"disabled","footer-sml-layout":"disabled","theme-transparent-header-meta":"disabled","adv-header-id-meta":"","stick-header-meta":"","header-above-stick-meta":"","header-main-stick-meta":"","header-below-stick-meta":""},"categories":[1],"tags":[],"_links":{"self":[{"href":"https:\/\/location.magintec.com\/index.php\/wp-json\/wp\/v2\/posts\/251"}],"collection":[{"href":"https:\/\/location.magintec.com\/index.php\/wp-json\/wp\/v2\/posts"}],"about":[{"href":"https:\/\/location.magintec.com\/index.php\/wp-json\/wp\/v2\/types\/post"}],"author":[{"embeddable":true,"href":"https:\/\/location.magintec.com\/index.php\/wp-json\/wp\/v2\/users\/1"}],"replies":[{"embeddable":true,"href":"https:\/\/location.magintec.com\/index.php\/wp-json\/wp\/v2\/comments?post=251"}],"version-history":[{"count":0,"href":"https:\/\/location.magintec.com\/index.php\/wp-json\/wp\/v2\/posts\/251\/revisions"}],"wp:featuredmedia":[{"embeddable":true,"href":"https:\/\/location.magintec.com\/index.php\/wp-json\/wp\/v2\/media\/513"}],"wp:attachment":[{"href":"https:\/\/location.magintec.com\/index.php\/wp-json\/wp\/v2\/media?parent=251"}],"wp:term":[{"taxonomy":"category","embeddable":true,"href":"https:\/\/location.magintec.com\/index.php\/wp-json\/wp\/v2\/categories?post=251"},{"taxonomy":"post_tag","embeddable":true,"href":"https:\/\/location.magintec.com\/index.php\/wp-json\/wp\/v2\/tags?post=251"}],"curies":[{"name":"wp","href":"https:\/\/api.w.org\/{rel}","templated":true}]}}